{"id":4308,"date":"2023-05-18T09:12:48","date_gmt":"2023-05-18T09:12:48","guid":{"rendered":"https:\/\/darkblue-wasp-904448.hostingersite.com\/inauguracio-de-la-delegacio-de-blanes\/"},"modified":"2023-06-26T09:47:38","modified_gmt":"2023-06-26T09:47:38","slug":"inauguracion-de-la-delegacion-de-blanes","status":"publish","type":"post","link":"https:\/\/www.arcmontjuic.cat\/es\/inauguracion-de-la-delegacion-de-blanes\/","title":{"rendered":"Inauguraci\u00f3n de la delegaci\u00f3n de Blanes"},"content":{"rendered":"<p>El fin de semana del 29 de febrero y 1 de marzo tuvo lugar la 1\u00aa Edici\u00f3n de la Liga de Aire Libre de este a\u00f1o.<\/p>\n<p>La tirada se organiz\u00f3 en dos jornadas. La de s\u00e1bado tuvo lugar a la Anilla Mediterr\u00e1neo organizada por el Club de Tiro con Arco Constant\u00ed y la de domingo se dio a las instalaciones del Club Arqueros de Cerdanyola.<\/p>\n<p>Si bien los protagonistas de la tarde de s\u00e1bado fueron el fr\u00edo y la humedad, domingo por la ma\u00f1ana lo fue sin duda el viento, que dificult\u00f3 el desarrollo habitual de este tipo de competiciones.<\/p>\n<p>Con estas dos tiradas queda inaugurada la Liga de Aire Libre de este a\u00f1o.<\/p>\n<p>Muy buenas flechas a todos y todas en esta nueva Liga!!<\/p>\n","protected":false},"excerpt":{"rendered":"<p>El fin de semana del 29 de febrero y 1 de marzo tuvo lugar la 1\u00aa Edici\u00f3n de la Liga de Aire Libre de este a\u00f1o. La tirada se organiz\u00f3 [&hellip;]<\/p>\n","protected":false},"author":2,"featured_media":0,"comment_status":"open","ping_status":"open","sticky":false,"template":"","format":"standard","meta":{"_price":"","_stock":"","_tribe_ticket_header":"","_tribe_default_ticket_provider":"","_tribe_ticket_capacity":"","_ticket_start_date":"","_ticket_end_date":"","_tribe_ticket_show_description":"","_tribe_ticket_show_not_going":false,"_tribe_ticket_use_global_stock":"","_tribe_ticket_global_stock_level":"","_global_stock_mode":"","_global_stock_cap":"","_tribe_rsvp_for_event":"","_tribe_ticket_going_count":"","_tribe_ticket_not_going_count":"","_tribe_tickets_list":"[]","_tribe_ticket_has_attendee_info_fields":false,"footnotes":""},"categories":[1],"tags":[],"class_list":["post-4308","post","type-post","status-publish","format-standard","hentry","category-sin-categorizar","entry","owp-thumbs-layout-horizontal","owp-btn-normal","owp-tabs-layout-horizontal","has-no-thumbnails","has-product-nav"],"yoast_head":"<!-- This site is optimized with the Yoast SEO plugin v27.2 - https:\/\/yoast.com\/product\/yoast-seo-wordpress\/ -->\n<title>Inauguraci\u00f3n de la delegaci\u00f3n de Blanes - Club Arc Montju\u00efc<\/title>\n<meta name=\"robots\" content=\"index, follow, max-snippet:-1, max-image-preview:large, max-video-preview:-1\" \/>\n<link rel=\"canonical\" href=\"https:\/\/www.arcmontjuic.cat\/es\/inauguracion-de-la-delegacion-de-blanes\/\" \/>\n<meta property=\"og:locale\" content=\"es_ES\" \/>\n<meta property=\"og:type\" content=\"article\" \/>\n<meta property=\"og:title\" content=\"Inauguraci\u00f3n de la delegaci\u00f3n de Blanes - Club Arc Montju\u00efc\" \/>\n<meta property=\"og:description\" content=\"El fin de semana del 29 de febrero y 1 de marzo tuvo lugar la 1\u00aa Edici\u00f3n de la Liga de Aire Libre de este a\u00f1o. La tirada se organiz\u00f3 [&hellip;]\" \/>\n<meta property=\"og:url\" content=\"https:\/\/www.arcmontjuic.cat\/es\/inauguracion-de-la-delegacion-de-blanes\/\" \/>\n<meta property=\"og:site_name\" content=\"Club Arc Montju\u00efc\" \/>\n<meta property=\"article:published_time\" content=\"2023-05-18T09:12:48+00:00\" \/>\n<meta property=\"article:modified_time\" content=\"2023-06-26T09:47:38+00:00\" \/>\n<meta name=\"author\" content=\"david@gging.com\" \/>\n<meta name=\"twitter:card\" content=\"summary_large_image\" \/>\n<meta name=\"twitter:label1\" content=\"Escrito por\" \/>\n\t<meta name=\"twitter:data1\" content=\"david@gging.com\" \/>\n\t<meta name=\"twitter:label2\" content=\"Tiempo de lectura\" \/>\n\t<meta name=\"twitter:data2\" content=\"1 minuto\" \/>\n<script type=\"application\/ld+json\" class=\"yoast-schema-graph\">{\"@context\":\"https:\/\/schema.org\",\"@graph\":[{\"@type\":\"Article\",\"@id\":\"https:\/\/www.arcmontjuic.cat\/es\/inauguracion-de-la-delegacion-de-blanes\/#article\",\"isPartOf\":{\"@id\":\"https:\/\/www.arcmontjuic.cat\/es\/inauguracion-de-la-delegacion-de-blanes\/\"},\"author\":{\"name\":\"david@gging.com\",\"@id\":\"https:\/\/www.arcmontjuic.cat\/#\/schema\/person\/1d3eea2787481998c9a8732d4a945a79\"},\"headline\":\"Inauguraci\u00f3n de la delegaci\u00f3n de Blanes\",\"datePublished\":\"2023-05-18T09:12:48+00:00\",\"dateModified\":\"2023-06-26T09:47:38+00:00\",\"mainEntityOfPage\":{\"@id\":\"https:\/\/www.arcmontjuic.cat\/es\/inauguracion-de-la-delegacion-de-blanes\/\"},\"wordCount\":138,\"commentCount\":0,\"publisher\":{\"@id\":\"https:\/\/www.arcmontjuic.cat\/#organization\"},\"articleSection\":[\"Sin categorizar\"],\"inLanguage\":\"es\",\"potentialAction\":[{\"@type\":\"CommentAction\",\"name\":\"Comment\",\"target\":[\"https:\/\/www.arcmontjuic.cat\/es\/inauguracion-de-la-delegacion-de-blanes\/#respond\"]}]},{\"@type\":\"WebPage\",\"@id\":\"https:\/\/www.arcmontjuic.cat\/es\/inauguracion-de-la-delegacion-de-blanes\/\",\"url\":\"https:\/\/www.arcmontjuic.cat\/es\/inauguracion-de-la-delegacion-de-blanes\/\",\"name\":\"Inauguraci\u00f3n de la delegaci\u00f3n de Blanes - Club Arc Montju\u00efc\",\"isPartOf\":{\"@id\":\"https:\/\/www.arcmontjuic.cat\/#website\"},\"datePublished\":\"2023-05-18T09:12:48+00:00\",\"dateModified\":\"2023-06-26T09:47:38+00:00\",\"breadcrumb\":{\"@id\":\"https:\/\/www.arcmontjuic.cat\/es\/inauguracion-de-la-delegacion-de-blanes\/#breadcrumb\"},\"inLanguage\":\"es\",\"potentialAction\":[{\"@type\":\"ReadAction\",\"target\":[\"https:\/\/www.arcmontjuic.cat\/es\/inauguracion-de-la-delegacion-de-blanes\/\"]}]},{\"@type\":\"BreadcrumbList\",\"@id\":\"https:\/\/www.arcmontjuic.cat\/es\/inauguracion-de-la-delegacion-de-blanes\/#breadcrumb\",\"itemListElement\":[{\"@type\":\"ListItem\",\"position\":1,\"name\":\"Portada\",\"item\":\"https:\/\/www.arcmontjuic.cat\/\"},{\"@type\":\"ListItem\",\"position\":2,\"name\":\"Inauguraci\u00f3n de la delegaci\u00f3n de Blanes\"}]},{\"@type\":\"WebSite\",\"@id\":\"https:\/\/www.arcmontjuic.cat\/#website\",\"url\":\"https:\/\/www.arcmontjuic.cat\/\",\"name\":\"Club Arc Montju\u00efc\",\"description\":\"Tir amb arc Barcelona\",\"publisher\":{\"@id\":\"https:\/\/www.arcmontjuic.cat\/#organization\"},\"potentialAction\":[{\"@type\":\"SearchAction\",\"target\":{\"@type\":\"EntryPoint\",\"urlTemplate\":\"https:\/\/www.arcmontjuic.cat\/?s={search_term_string}\"},\"query-input\":{\"@type\":\"PropertyValueSpecification\",\"valueRequired\":true,\"valueName\":\"search_term_string\"}}],\"inLanguage\":\"es\"},{\"@type\":\"Organization\",\"@id\":\"https:\/\/www.arcmontjuic.cat\/#organization\",\"name\":\"Club Arc Montju\u00efc\",\"url\":\"https:\/\/www.arcmontjuic.cat\/\",\"logo\":{\"@type\":\"ImageObject\",\"inLanguage\":\"es\",\"@id\":\"https:\/\/www.arcmontjuic.cat\/#\/schema\/logo\/image\/\",\"url\":\"https:\/\/www.arcmontjuic.cat\/wp-content\/uploads\/2022\/05\/CAM_Logo_1.png\",\"contentUrl\":\"https:\/\/www.arcmontjuic.cat\/wp-content\/uploads\/2022\/05\/CAM_Logo_1.png\",\"width\":3390,\"height\":2100,\"caption\":\"Club Arc Montju\u00efc\"},\"image\":{\"@id\":\"https:\/\/www.arcmontjuic.cat\/#\/schema\/logo\/image\/\"}},{\"@type\":\"Person\",\"@id\":\"https:\/\/www.arcmontjuic.cat\/#\/schema\/person\/1d3eea2787481998c9a8732d4a945a79\",\"name\":\"david@gging.com\",\"image\":{\"@type\":\"ImageObject\",\"inLanguage\":\"es\",\"@id\":\"https:\/\/secure.gravatar.com\/avatar\/1674697e4da0f7e1eb6a101606b3dd9244c874716228f70da34338afacf422a1?s=96&d=mm&r=g\",\"url\":\"https:\/\/secure.gravatar.com\/avatar\/1674697e4da0f7e1eb6a101606b3dd9244c874716228f70da34338afacf422a1?s=96&d=mm&r=g\",\"contentUrl\":\"https:\/\/secure.gravatar.com\/avatar\/1674697e4da0f7e1eb6a101606b3dd9244c874716228f70da34338afacf422a1?s=96&d=mm&r=g\",\"caption\":\"david@gging.com\"},\"url\":\"https:\/\/www.arcmontjuic.cat\/es\/author\/davidgging-com\/\"}]}<\/script>\n<!-- \/ Yoast SEO plugin. -->","yoast_head_json":{"title":"Inauguraci\u00f3n de la delegaci\u00f3n de Blanes - Club Arc Montju\u00efc","robots":{"index":"index","follow":"follow","max-snippet":"max-snippet:-1","max-image-preview":"max-image-preview:large","max-video-preview":"max-video-preview:-1"},"canonical":"https:\/\/www.arcmontjuic.cat\/es\/inauguracion-de-la-delegacion-de-blanes\/","og_locale":"es_ES","og_type":"article","og_title":"Inauguraci\u00f3n de la delegaci\u00f3n de Blanes - Club Arc Montju\u00efc","og_description":"El fin de semana del 29 de febrero y 1 de marzo tuvo lugar la 1\u00aa Edici\u00f3n de la Liga de Aire Libre de este a\u00f1o. La tirada se organiz\u00f3 [&hellip;]","og_url":"https:\/\/www.arcmontjuic.cat\/es\/inauguracion-de-la-delegacion-de-blanes\/","og_site_name":"Club Arc Montju\u00efc","article_published_time":"2023-05-18T09:12:48+00:00","article_modified_time":"2023-06-26T09:47:38+00:00","author":"david@gging.com","twitter_card":"summary_large_image","twitter_misc":{"Escrito por":"david@gging.com","Tiempo de lectura":"1 minuto"},"schema":{"@context":"https:\/\/schema.org","@graph":[{"@type":"Article","@id":"https:\/\/www.arcmontjuic.cat\/es\/inauguracion-de-la-delegacion-de-blanes\/#article","isPartOf":{"@id":"https:\/\/www.arcmontjuic.cat\/es\/inauguracion-de-la-delegacion-de-blanes\/"},"author":{"name":"david@gging.com","@id":"https:\/\/www.arcmontjuic.cat\/#\/schema\/person\/1d3eea2787481998c9a8732d4a945a79"},"headline":"Inauguraci\u00f3n de la delegaci\u00f3n de Blanes","datePublished":"2023-05-18T09:12:48+00:00","dateModified":"2023-06-26T09:47:38+00:00","mainEntityOfPage":{"@id":"https:\/\/www.arcmontjuic.cat\/es\/inauguracion-de-la-delegacion-de-blanes\/"},"wordCount":138,"commentCount":0,"publisher":{"@id":"https:\/\/www.arcmontjuic.cat\/#organization"},"articleSection":["Sin categorizar"],"inLanguage":"es","potentialAction":[{"@type":"CommentAction","name":"Comment","target":["https:\/\/www.arcmontjuic.cat\/es\/inauguracion-de-la-delegacion-de-blanes\/#respond"]}]},{"@type":"WebPage","@id":"https:\/\/www.arcmontjuic.cat\/es\/inauguracion-de-la-delegacion-de-blanes\/","url":"https:\/\/www.arcmontjuic.cat\/es\/inauguracion-de-la-delegacion-de-blanes\/","name":"Inauguraci\u00f3n de la delegaci\u00f3n de Blanes - Club Arc Montju\u00efc","isPartOf":{"@id":"https:\/\/www.arcmontjuic.cat\/#website"},"datePublished":"2023-05-18T09:12:48+00:00","dateModified":"2023-06-26T09:47:38+00:00","breadcrumb":{"@id":"https:\/\/www.arcmontjuic.cat\/es\/inauguracion-de-la-delegacion-de-blanes\/#breadcrumb"},"inLanguage":"es","potentialAction":[{"@type":"ReadAction","target":["https:\/\/www.arcmontjuic.cat\/es\/inauguracion-de-la-delegacion-de-blanes\/"]}]},{"@type":"BreadcrumbList","@id":"https:\/\/www.arcmontjuic.cat\/es\/inauguracion-de-la-delegacion-de-blanes\/#breadcrumb","itemListElement":[{"@type":"ListItem","position":1,"name":"Portada","item":"https:\/\/www.arcmontjuic.cat\/"},{"@type":"ListItem","position":2,"name":"Inauguraci\u00f3n de la delegaci\u00f3n de Blanes"}]},{"@type":"WebSite","@id":"https:\/\/www.arcmontjuic.cat\/#website","url":"https:\/\/www.arcmontjuic.cat\/","name":"Club Arc Montju\u00efc","description":"Tir amb arc Barcelona","publisher":{"@id":"https:\/\/www.arcmontjuic.cat\/#organization"},"potentialAction":[{"@type":"SearchAction","target":{"@type":"EntryPoint","urlTemplate":"https:\/\/www.arcmontjuic.cat\/?s={search_term_string}"},"query-input":{"@type":"PropertyValueSpecification","valueRequired":true,"valueName":"search_term_string"}}],"inLanguage":"es"},{"@type":"Organization","@id":"https:\/\/www.arcmontjuic.cat\/#organization","name":"Club Arc Montju\u00efc","url":"https:\/\/www.arcmontjuic.cat\/","logo":{"@type":"ImageObject","inLanguage":"es","@id":"https:\/\/www.arcmontjuic.cat\/#\/schema\/logo\/image\/","url":"https:\/\/www.arcmontjuic.cat\/wp-content\/uploads\/2022\/05\/CAM_Logo_1.png","contentUrl":"https:\/\/www.arcmontjuic.cat\/wp-content\/uploads\/2022\/05\/CAM_Logo_1.png","width":3390,"height":2100,"caption":"Club Arc Montju\u00efc"},"image":{"@id":"https:\/\/www.arcmontjuic.cat\/#\/schema\/logo\/image\/"}},{"@type":"Person","@id":"https:\/\/www.arcmontjuic.cat\/#\/schema\/person\/1d3eea2787481998c9a8732d4a945a79","name":"david@gging.com","image":{"@type":"ImageObject","inLanguage":"es","@id":"https:\/\/secure.gravatar.com\/avatar\/1674697e4da0f7e1eb6a101606b3dd9244c874716228f70da34338afacf422a1?s=96&d=mm&r=g","url":"https:\/\/secure.gravatar.com\/avatar\/1674697e4da0f7e1eb6a101606b3dd9244c874716228f70da34338afacf422a1?s=96&d=mm&r=g","contentUrl":"https:\/\/secure.gravatar.com\/avatar\/1674697e4da0f7e1eb6a101606b3dd9244c874716228f70da34338afacf422a1?s=96&d=mm&r=g","caption":"david@gging.com"},"url":"https:\/\/www.arcmontjuic.cat\/es\/author\/davidgging-com\/"}]}},"_links":{"self":[{"href":"https:\/\/www.arcmontjuic.cat\/es\/wp-json\/wp\/v2\/posts\/4308","targetHints":{"allow":["GET"]}}],"collection":[{"href":"https:\/\/www.arcmontjuic.cat\/es\/wp-json\/wp\/v2\/posts"}],"about":[{"href":"https:\/\/www.arcmontjuic.cat\/es\/wp-json\/wp\/v2\/types\/post"}],"author":[{"embeddable":true,"href":"https:\/\/www.arcmontjuic.cat\/es\/wp-json\/wp\/v2\/users\/2"}],"replies":[{"embeddable":true,"href":"https:\/\/www.arcmontjuic.cat\/es\/wp-json\/wp\/v2\/comments?post=4308"}],"version-history":[{"count":4,"href":"https:\/\/www.arcmontjuic.cat\/es\/wp-json\/wp\/v2\/posts\/4308\/revisions"}],"predecessor-version":[{"id":4541,"href":"https:\/\/www.arcmontjuic.cat\/es\/wp-json\/wp\/v2\/posts\/4308\/revisions\/4541"}],"wp:attachment":[{"href":"https:\/\/www.arcmontjuic.cat\/es\/wp-json\/wp\/v2\/media?parent=4308"}],"wp:term":[{"taxonomy":"category","embeddable":true,"href":"https:\/\/www.arcmontjuic.cat\/es\/wp-json\/wp\/v2\/categories?post=4308"},{"taxonomy":"post_tag","embeddable":true,"href":"https:\/\/www.arcmontjuic.cat\/es\/wp-json\/wp\/v2\/tags?post=4308"}],"curies":[{"name":"wp","href":"https:\/\/api.w.org\/{rel}","templated":true}]}}