{"id":4525,"date":"2022-03-07T09:33:22","date_gmt":"2022-03-07T09:33:22","guid":{"rendered":"https:\/\/darkblue-wasp-904448.hostingersite.com\/arrenca-la-lliga-daire-lliure-2020\/"},"modified":"2023-06-26T09:46:00","modified_gmt":"2023-06-26T09:46:00","slug":"arrenca-la-lliga-daire-lliure-2020","status":"publish","type":"post","link":"https:\/\/www.arcmontjuic.cat\/es\/arrenca-la-lliga-daire-lliure-2020\/","title":{"rendered":"Arrenca la Liga de Aire Libre 2020"},"content":{"rendered":"<p>El fin de semana del 29 de febrero y 1 de marzo tuvo lugar la 1\u00aa Tirada de la Liga de Aire Libre de este a\u00f1o.<\/p>\n<p>La tirada se organiz\u00f3 en dos jornadas. La del s\u00e1bado, tuvo lugar en el Anillo Mediterr\u00e1neo y fue organizada por el Club de Tiro con Arco Constant\u00ed y la del domingo, se dio en las instalaciones del Club Arqueros de Cerdanyola.<\/p>\n<p>Si bien los protagonistas de la tarde del s\u00e1bado fueron el fr\u00edo y la humedad, domingo por la ma\u00f1ana lo fue sin duda el viento, que dificult\u00f3 el desarrollo habitual de este tipo de competiciones.<\/p>\n<p>Con estas dos tiradas queda inaugurada la Liga de Aire Libre de este a\u00f1o.<\/p>\n<p>Muy buenas flechas a todos y todas en esta nueva Liga!!<\/p>\n","protected":false},"excerpt":{"rendered":"<p>El fin de semana del 29 de febrero y 1 de marzo tuvo lugar la 1\u00aa Tirada de la Liga de Aire Libre de este a\u00f1o. La tirada se organiz\u00f3 [&hellip;]<\/p>\n","protected":false},"author":1,"featured_media":0,"comment_status":"open","ping_status":"open","sticky":false,"template":"","format":"standard","meta":{"_price":"","_stock":"","_tribe_ticket_header":"","_tribe_default_ticket_provider":"","_tribe_ticket_capacity":"","_ticket_start_date":"","_ticket_end_date":"","_tribe_ticket_show_description":"","_tribe_ticket_show_not_going":false,"_tribe_ticket_use_global_stock":"","_tribe_ticket_global_stock_level":"","_global_stock_mode":"","_global_stock_cap":"","_tribe_rsvp_for_event":"","_tribe_ticket_going_count":"","_tribe_ticket_not_going_count":"","_tribe_tickets_list":"[]","_tribe_ticket_has_attendee_info_fields":false,"footnotes":""},"categories":[1],"tags":[],"class_list":["post-4525","post","type-post","status-publish","format-standard","hentry","category-sin-categorizar","entry","owp-thumbs-layout-horizontal","owp-btn-normal","owp-tabs-layout-horizontal","has-no-thumbnails","has-product-nav"],"yoast_head":"<!-- This site is optimized with the Yoast SEO plugin v27.2 - https:\/\/yoast.com\/product\/yoast-seo-wordpress\/ -->\n<title>Arrenca la Liga de Aire Libre 2020 - Club Arc Montju\u00efc<\/title>\n<meta name=\"robots\" content=\"index, follow, max-snippet:-1, max-image-preview:large, max-video-preview:-1\" \/>\n<link rel=\"canonical\" href=\"https:\/\/www.arcmontjuic.cat\/arrenca-la-lliga-daire-lliure-2020\/\" \/>\n<meta property=\"og:locale\" content=\"es_ES\" \/>\n<meta property=\"og:type\" content=\"article\" \/>\n<meta property=\"og:title\" content=\"Arrenca la Liga de Aire Libre 2020 - Club Arc Montju\u00efc\" \/>\n<meta property=\"og:description\" content=\"El fin de semana del 29 de febrero y 1 de marzo tuvo lugar la 1\u00aa Tirada de la Liga de Aire Libre de este a\u00f1o. La tirada se organiz\u00f3 [&hellip;]\" \/>\n<meta property=\"og:url\" content=\"https:\/\/www.arcmontjuic.cat\/arrenca-la-lliga-daire-lliure-2020\/\" \/>\n<meta property=\"og:site_name\" content=\"Club Arc Montju\u00efc\" \/>\n<meta property=\"article:published_time\" content=\"2022-03-07T09:33:22+00:00\" \/>\n<meta property=\"article:modified_time\" content=\"2023-06-26T09:46:00+00:00\" \/>\n<meta name=\"author\" content=\"boss\" \/>\n<meta name=\"twitter:card\" content=\"summary_large_image\" \/>\n<meta name=\"twitter:label1\" content=\"Escrito por\" \/>\n\t<meta name=\"twitter:data1\" content=\"boss\" \/>\n\t<meta name=\"twitter:label2\" content=\"Tiempo de lectura\" \/>\n\t<meta name=\"twitter:data2\" content=\"1 minuto\" \/>\n<script type=\"application\/ld+json\" class=\"yoast-schema-graph\">{\"@context\":\"https:\/\/schema.org\",\"@graph\":[{\"@type\":\"Article\",\"@id\":\"https:\/\/www.arcmontjuic.cat\/arrenca-la-lliga-daire-lliure-2020\/#article\",\"isPartOf\":{\"@id\":\"https:\/\/www.arcmontjuic.cat\/arrenca-la-lliga-daire-lliure-2020\/\"},\"author\":{\"name\":\"boss\",\"@id\":\"https:\/\/www.arcmontjuic.cat\/#\/schema\/person\/4567756ab75da78e360cbd5909222f77\"},\"headline\":\"Arrenca la Liga de Aire Libre 2020\",\"datePublished\":\"2022-03-07T09:33:22+00:00\",\"dateModified\":\"2023-06-26T09:46:00+00:00\",\"mainEntityOfPage\":{\"@id\":\"https:\/\/www.arcmontjuic.cat\/arrenca-la-lliga-daire-lliure-2020\/\"},\"wordCount\":137,\"commentCount\":0,\"publisher\":{\"@id\":\"https:\/\/www.arcmontjuic.cat\/#organization\"},\"articleSection\":[\"Sin categorizar\"],\"inLanguage\":\"es\",\"potentialAction\":[{\"@type\":\"CommentAction\",\"name\":\"Comment\",\"target\":[\"https:\/\/www.arcmontjuic.cat\/arrenca-la-lliga-daire-lliure-2020\/#respond\"]}]},{\"@type\":\"WebPage\",\"@id\":\"https:\/\/www.arcmontjuic.cat\/arrenca-la-lliga-daire-lliure-2020\/\",\"url\":\"https:\/\/www.arcmontjuic.cat\/arrenca-la-lliga-daire-lliure-2020\/\",\"name\":\"Arrenca la Liga de Aire Libre 2020 - Club Arc Montju\u00efc\",\"isPartOf\":{\"@id\":\"https:\/\/www.arcmontjuic.cat\/#website\"},\"datePublished\":\"2022-03-07T09:33:22+00:00\",\"dateModified\":\"2023-06-26T09:46:00+00:00\",\"breadcrumb\":{\"@id\":\"https:\/\/www.arcmontjuic.cat\/arrenca-la-lliga-daire-lliure-2020\/#breadcrumb\"},\"inLanguage\":\"es\",\"potentialAction\":[{\"@type\":\"ReadAction\",\"target\":[\"https:\/\/www.arcmontjuic.cat\/arrenca-la-lliga-daire-lliure-2020\/\"]}]},{\"@type\":\"BreadcrumbList\",\"@id\":\"https:\/\/www.arcmontjuic.cat\/arrenca-la-lliga-daire-lliure-2020\/#breadcrumb\",\"itemListElement\":[{\"@type\":\"ListItem\",\"position\":1,\"name\":\"Portada\",\"item\":\"https:\/\/www.arcmontjuic.cat\/\"},{\"@type\":\"ListItem\",\"position\":2,\"name\":\"Arrenca la Liga de Aire Libre 2020\"}]},{\"@type\":\"WebSite\",\"@id\":\"https:\/\/www.arcmontjuic.cat\/#website\",\"url\":\"https:\/\/www.arcmontjuic.cat\/\",\"name\":\"Club Arc Montju\u00efc\",\"description\":\"Tir amb arc Barcelona\",\"publisher\":{\"@id\":\"https:\/\/www.arcmontjuic.cat\/#organization\"},\"potentialAction\":[{\"@type\":\"SearchAction\",\"target\":{\"@type\":\"EntryPoint\",\"urlTemplate\":\"https:\/\/www.arcmontjuic.cat\/?s={search_term_string}\"},\"query-input\":{\"@type\":\"PropertyValueSpecification\",\"valueRequired\":true,\"valueName\":\"search_term_string\"}}],\"inLanguage\":\"es\"},{\"@type\":\"Organization\",\"@id\":\"https:\/\/www.arcmontjuic.cat\/#organization\",\"name\":\"Club Arc Montju\u00efc\",\"url\":\"https:\/\/www.arcmontjuic.cat\/\",\"logo\":{\"@type\":\"ImageObject\",\"inLanguage\":\"es\",\"@id\":\"https:\/\/www.arcmontjuic.cat\/#\/schema\/logo\/image\/\",\"url\":\"https:\/\/www.arcmontjuic.cat\/wp-content\/uploads\/2022\/05\/CAM_Logo_1.png\",\"contentUrl\":\"https:\/\/www.arcmontjuic.cat\/wp-content\/uploads\/2022\/05\/CAM_Logo_1.png\",\"width\":3390,\"height\":2100,\"caption\":\"Club Arc Montju\u00efc\"},\"image\":{\"@id\":\"https:\/\/www.arcmontjuic.cat\/#\/schema\/logo\/image\/\"}},{\"@type\":\"Person\",\"@id\":\"https:\/\/www.arcmontjuic.cat\/#\/schema\/person\/4567756ab75da78e360cbd5909222f77\",\"name\":\"boss\",\"image\":{\"@type\":\"ImageObject\",\"inLanguage\":\"es\",\"@id\":\"https:\/\/secure.gravatar.com\/avatar\/92c9254db6de21595df36529b122a0a51f76d99866a1bb4accfd795438bb4944?s=96&d=mm&r=g\",\"url\":\"https:\/\/secure.gravatar.com\/avatar\/92c9254db6de21595df36529b122a0a51f76d99866a1bb4accfd795438bb4944?s=96&d=mm&r=g\",\"contentUrl\":\"https:\/\/secure.gravatar.com\/avatar\/92c9254db6de21595df36529b122a0a51f76d99866a1bb4accfd795438bb4944?s=96&d=mm&r=g\",\"caption\":\"boss\"},\"sameAs\":[\"https:\/\/www.arcmontjuic.cat\"],\"url\":\"https:\/\/www.arcmontjuic.cat\/es\/author\/boss\/\"}]}<\/script>\n<!-- \/ Yoast SEO plugin. -->","yoast_head_json":{"title":"Arrenca la Liga de Aire Libre 2020 - Club Arc Montju\u00efc","robots":{"index":"index","follow":"follow","max-snippet":"max-snippet:-1","max-image-preview":"max-image-preview:large","max-video-preview":"max-video-preview:-1"},"canonical":"https:\/\/www.arcmontjuic.cat\/arrenca-la-lliga-daire-lliure-2020\/","og_locale":"es_ES","og_type":"article","og_title":"Arrenca la Liga de Aire Libre 2020 - Club Arc Montju\u00efc","og_description":"El fin de semana del 29 de febrero y 1 de marzo tuvo lugar la 1\u00aa Tirada de la Liga de Aire Libre de este a\u00f1o. La tirada se organiz\u00f3 [&hellip;]","og_url":"https:\/\/www.arcmontjuic.cat\/arrenca-la-lliga-daire-lliure-2020\/","og_site_name":"Club Arc Montju\u00efc","article_published_time":"2022-03-07T09:33:22+00:00","article_modified_time":"2023-06-26T09:46:00+00:00","author":"boss","twitter_card":"summary_large_image","twitter_misc":{"Escrito por":"boss","Tiempo de lectura":"1 minuto"},"schema":{"@context":"https:\/\/schema.org","@graph":[{"@type":"Article","@id":"https:\/\/www.arcmontjuic.cat\/arrenca-la-lliga-daire-lliure-2020\/#article","isPartOf":{"@id":"https:\/\/www.arcmontjuic.cat\/arrenca-la-lliga-daire-lliure-2020\/"},"author":{"name":"boss","@id":"https:\/\/www.arcmontjuic.cat\/#\/schema\/person\/4567756ab75da78e360cbd5909222f77"},"headline":"Arrenca la Liga de Aire Libre 2020","datePublished":"2022-03-07T09:33:22+00:00","dateModified":"2023-06-26T09:46:00+00:00","mainEntityOfPage":{"@id":"https:\/\/www.arcmontjuic.cat\/arrenca-la-lliga-daire-lliure-2020\/"},"wordCount":137,"commentCount":0,"publisher":{"@id":"https:\/\/www.arcmontjuic.cat\/#organization"},"articleSection":["Sin categorizar"],"inLanguage":"es","potentialAction":[{"@type":"CommentAction","name":"Comment","target":["https:\/\/www.arcmontjuic.cat\/arrenca-la-lliga-daire-lliure-2020\/#respond"]}]},{"@type":"WebPage","@id":"https:\/\/www.arcmontjuic.cat\/arrenca-la-lliga-daire-lliure-2020\/","url":"https:\/\/www.arcmontjuic.cat\/arrenca-la-lliga-daire-lliure-2020\/","name":"Arrenca la Liga de Aire Libre 2020 - Club Arc Montju\u00efc","isPartOf":{"@id":"https:\/\/www.arcmontjuic.cat\/#website"},"datePublished":"2022-03-07T09:33:22+00:00","dateModified":"2023-06-26T09:46:00+00:00","breadcrumb":{"@id":"https:\/\/www.arcmontjuic.cat\/arrenca-la-lliga-daire-lliure-2020\/#breadcrumb"},"inLanguage":"es","potentialAction":[{"@type":"ReadAction","target":["https:\/\/www.arcmontjuic.cat\/arrenca-la-lliga-daire-lliure-2020\/"]}]},{"@type":"BreadcrumbList","@id":"https:\/\/www.arcmontjuic.cat\/arrenca-la-lliga-daire-lliure-2020\/#breadcrumb","itemListElement":[{"@type":"ListItem","position":1,"name":"Portada","item":"https:\/\/www.arcmontjuic.cat\/"},{"@type":"ListItem","position":2,"name":"Arrenca la Liga de Aire Libre 2020"}]},{"@type":"WebSite","@id":"https:\/\/www.arcmontjuic.cat\/#website","url":"https:\/\/www.arcmontjuic.cat\/","name":"Club Arc Montju\u00efc","description":"Tir amb arc Barcelona","publisher":{"@id":"https:\/\/www.arcmontjuic.cat\/#organization"},"potentialAction":[{"@type":"SearchAction","target":{"@type":"EntryPoint","urlTemplate":"https:\/\/www.arcmontjuic.cat\/?s={search_term_string}"},"query-input":{"@type":"PropertyValueSpecification","valueRequired":true,"valueName":"search_term_string"}}],"inLanguage":"es"},{"@type":"Organization","@id":"https:\/\/www.arcmontjuic.cat\/#organization","name":"Club Arc Montju\u00efc","url":"https:\/\/www.arcmontjuic.cat\/","logo":{"@type":"ImageObject","inLanguage":"es","@id":"https:\/\/www.arcmontjuic.cat\/#\/schema\/logo\/image\/","url":"https:\/\/www.arcmontjuic.cat\/wp-content\/uploads\/2022\/05\/CAM_Logo_1.png","contentUrl":"https:\/\/www.arcmontjuic.cat\/wp-content\/uploads\/2022\/05\/CAM_Logo_1.png","width":3390,"height":2100,"caption":"Club Arc Montju\u00efc"},"image":{"@id":"https:\/\/www.arcmontjuic.cat\/#\/schema\/logo\/image\/"}},{"@type":"Person","@id":"https:\/\/www.arcmontjuic.cat\/#\/schema\/person\/4567756ab75da78e360cbd5909222f77","name":"boss","image":{"@type":"ImageObject","inLanguage":"es","@id":"https:\/\/secure.gravatar.com\/avatar\/92c9254db6de21595df36529b122a0a51f76d99866a1bb4accfd795438bb4944?s=96&d=mm&r=g","url":"https:\/\/secure.gravatar.com\/avatar\/92c9254db6de21595df36529b122a0a51f76d99866a1bb4accfd795438bb4944?s=96&d=mm&r=g","contentUrl":"https:\/\/secure.gravatar.com\/avatar\/92c9254db6de21595df36529b122a0a51f76d99866a1bb4accfd795438bb4944?s=96&d=mm&r=g","caption":"boss"},"sameAs":["https:\/\/www.arcmontjuic.cat"],"url":"https:\/\/www.arcmontjuic.cat\/es\/author\/boss\/"}]}},"_links":{"self":[{"href":"https:\/\/www.arcmontjuic.cat\/es\/wp-json\/wp\/v2\/posts\/4525","targetHints":{"allow":["GET"]}}],"collection":[{"href":"https:\/\/www.arcmontjuic.cat\/es\/wp-json\/wp\/v2\/posts"}],"about":[{"href":"https:\/\/www.arcmontjuic.cat\/es\/wp-json\/wp\/v2\/types\/post"}],"author":[{"embeddable":true,"href":"https:\/\/www.arcmontjuic.cat\/es\/wp-json\/wp\/v2\/users\/1"}],"replies":[{"embeddable":true,"href":"https:\/\/www.arcmontjuic.cat\/es\/wp-json\/wp\/v2\/comments?post=4525"}],"version-history":[{"count":4,"href":"https:\/\/www.arcmontjuic.cat\/es\/wp-json\/wp\/v2\/posts\/4525\/revisions"}],"predecessor-version":[{"id":4538,"href":"https:\/\/www.arcmontjuic.cat\/es\/wp-json\/wp\/v2\/posts\/4525\/revisions\/4538"}],"wp:attachment":[{"href":"https:\/\/www.arcmontjuic.cat\/es\/wp-json\/wp\/v2\/media?parent=4525"}],"wp:term":[{"taxonomy":"category","embeddable":true,"href":"https:\/\/www.arcmontjuic.cat\/es\/wp-json\/wp\/v2\/categories?post=4525"},{"taxonomy":"post_tag","embeddable":true,"href":"https:\/\/www.arcmontjuic.cat\/es\/wp-json\/wp\/v2\/tags?post=4525"}],"curies":[{"name":"wp","href":"https:\/\/api.w.org\/{rel}","templated":true}]}}