{"id":4527,"date":"2022-02-21T09:37:10","date_gmt":"2022-02-21T09:37:10","guid":{"rendered":"https:\/\/darkblue-wasp-904448.hostingersite.com\/campionat-despanya-de-precisio-sala-2020-orpesa-de-mar\/"},"modified":"2023-06-26T09:44:11","modified_gmt":"2023-06-26T09:44:11","slug":"campionat-despanya-de-precisio-sala-2020-orpesa-de-mar","status":"publish","type":"post","link":"https:\/\/www.arcmontjuic.cat\/es\/campionat-despanya-de-precisio-sala-2020-orpesa-de-mar\/","title":{"rendered":"Campeonato de Espa\u00f1a de precisi\u00f3n Sala 2020"},"content":{"rendered":"<p>Los d\u00edas 28 de Enero al 2 de Febrero tuvo lugar en el Palau d&#8217;Or (Marina d&#8217;Or), en la poblaci\u00f3n de Oropesa de Mar el Campeonato de precisi\u00f3n en Sala 2020.<br \/>El jueves por la tarde se inici\u00f3 la competici\u00f3n con la participaci\u00f3n de los arcos adaptados y la categor\u00eda junior. El viernes se dieron las sesiones clasificatorias para el resto de divisiones y categor\u00edas. El s\u00e1bado fue el turno de las eliminatorias y finalmente el domingo llegaron las finales.<br \/>Los componentes del Club Arc Montju\u00efc, obtuvieron buenos resultados en sus diferentes categor\u00edas y divisiones, hay que tener en cuenta que para algunos de ellos era el primer campeonato de Espa\u00f1a en el que se presentaban. S\u00f3lo algunos, sin embargo, se pudieron clasificar para las respectivas finales. Se obtuvieron un total de dos medallas de Plata y una de Bronze.<\/p>\n<p>Os dejamos, m\u00e1s abajo, los resultados que nuestros arqueros y arqueras consiguieron en esta competici\u00f3n.<\/p>\n<p>Detr\u00e1s de cada competici\u00f3n hay muchas horas de entrenamiento, concentraci\u00f3n, preparaci\u00f3n f\u00edsica y dedicaci\u00f3n. Los t\u00e9cnicos del Club, Roser Salas y Marc Soler, han estado preparando a todos los y las participantes durante los meses previos, dando soporte f\u00edsico\u00a0y moral. Agradecemos profundamente las horas invertidas y el apoyo dado en los diferentes momentos de la propia competici\u00f3n.<br \/>Finalmente, desde el Club os queremos dar la mayor ENHORABUENA a todos y todas, por vuestra\u00a0buena participaci\u00f3n, por la deportividad, por el compromiso y por seguir trabajando para hacer de este deporte, un deporte a\u00fan mayor.<\/p>\n<p><strong>Arco Recurvo Senior Masculino<\/strong><br \/>&#8211; PE\u00d1A, Arnau: 9\u00ba<br \/>&#8211; MERCADER, Pablo: 17\u00ba<br \/>&#8211; GOMEZ, Roberto: 44\u00ba<br \/>&#8211; AZUAGA, Rafael: 51\u00ba<br \/>&#8211; DELGADO, Victor: 64\u00ba<br \/><strong>Arco Recurvo Senior Femenino<\/strong><br \/>&#8211;\u00a0TAJES, Magdalena: 9a<br \/>&#8211; MANZANERA, Cristina: 17a<br \/>&#8211; ORTEGA, Alba: 17a<br \/><strong>Arco Recurvo Junior Masculino<\/strong><br \/>&#8211; MERCADER, Pablo: 9\u00ba<br \/>&#8211; DELGADO, Victor: 17\u00ba<br \/>&#8211; MONTERO, Blai: 17\u00ba<br \/><strong>Arco Recurvo Junior Femenino<\/strong><br \/>&#8211; ORTEGA, Alba: 9a<br \/>&#8211; MONZ\u00d3N, Ana: 17a<br \/><strong>Arco Recurvo Cadete Masculino<\/strong><br \/>&#8211; ZAMORA, Pablo: 17\u00ba<br \/><strong>Arco Recurvo Menor Masculino<\/strong><br \/>&#8211; PIMENTEL, Mart\u00ed: 17\u00ba<br \/><strong>Arco Recurvo Menor Femenino<\/strong><br \/>&#8211; GARC\u00cdA, Leire: 17\u00ba<br \/>&#8211; P\u00c9REZ DE TUDELA, Maria: 33\u00aa<br \/><strong>Arco Compuesto Senior Masculino<\/strong><br \/>&#8211; PRIETO, Santiago: 50\u00ba<br \/><strong>Arco Desnudo Masculino<\/strong><br \/>&#8211; RAR\u00cdS, Manuel: 17\u00ba<br \/><strong>Arco Instintivo Masculino<\/strong><br \/>&#8211; AIXA, Fernando: 9\u00ba<br \/>&#8211; GARC\u00cdA, Ram\u00f3n: 17\u00ba<br \/>&#8211; P\u00c9REZ, Fco. Javier: 33\u00ba<br \/><strong>Arco instintivo Femenino: PLATA<\/strong><br \/>&#8211; MONFORT, Miriam<br \/><strong>Equipo Recurvo Senior Masculino:<\/strong>\u00a06\u00ba<br \/>&#8211; MERCADER, Pablo<br \/>&#8211; PE\u00d1A, Arnau<br \/>&#8211; ROMERO, Miquel<br \/><strong>Equipo Recurvo Senior Femenino:<\/strong>\u00a04\u00aa<br \/>&#8211; CANALES, Elia<br \/>&#8211; ORTEGA, Alba<br \/>&#8211; PITARCH, Maria<br \/><strong>Equipo Recurvo Senior Mixto: PLATA<\/strong><br \/>&#8211; CANALES, Elia<br \/>&#8211; PE\u00d1A, Arnau<br \/><strong>Equipo recurva Junior: BRONCE<\/strong><br \/>&#8211; CANALES, Elia<br \/>&#8211; MERCADER, Pablo<br \/>&#8211; PITARCH, Maria<br \/><strong>Equipo Compuesto Senior Mixto<\/strong>: 9a<br \/>&#8211; MU\u00d1OZ, Maria Montserrat<br \/>&#8211; PRIETO, Santiago<\/p>\n","protected":false},"excerpt":{"rendered":"<p>Los d\u00edas 28 de Enero al 2 de Febrero tuvo lugar en el Palau d&#8217;Or (Marina d&#8217;Or), en la poblaci\u00f3n de Oropesa de Mar el Campeonato de precisi\u00f3n en Sala [&hellip;]<\/p>\n","protected":false},"author":1,"featured_media":0,"comment_status":"open","ping_status":"open","sticky":false,"template":"","format":"standard","meta":{"_price":"","_stock":"","_tribe_ticket_header":"","_tribe_default_ticket_provider":"","_tribe_ticket_capacity":"","_ticket_start_date":"","_ticket_end_date":"","_tribe_ticket_show_description":"","_tribe_ticket_show_not_going":false,"_tribe_ticket_use_global_stock":"","_tribe_ticket_global_stock_level":"","_global_stock_mode":"","_global_stock_cap":"","_tribe_rsvp_for_event":"","_tribe_ticket_going_count":"","_tribe_ticket_not_going_count":"","_tribe_tickets_list":"[]","_tribe_ticket_has_attendee_info_fields":false,"footnotes":""},"categories":[1],"tags":[],"class_list":["post-4527","post","type-post","status-publish","format-standard","hentry","category-sin-categorizar","entry","owp-thumbs-layout-horizontal","owp-btn-normal","owp-tabs-layout-horizontal","has-no-thumbnails","has-product-nav"],"yoast_head":"<!-- This site is optimized with the Yoast SEO plugin v27.2 - https:\/\/yoast.com\/product\/yoast-seo-wordpress\/ -->\n<title>Campeonato de Espa\u00f1a de precisi\u00f3n Sala 2020 - Club Arc Montju\u00efc<\/title>\n<meta name=\"robots\" content=\"index, follow, max-snippet:-1, max-image-preview:large, max-video-preview:-1\" \/>\n<link rel=\"canonical\" href=\"https:\/\/www.arcmontjuic.cat\/campionat-despanya-de-precisio-sala-2020-orpesa-de-mar\/\" \/>\n<meta property=\"og:locale\" content=\"es_ES\" \/>\n<meta property=\"og:type\" content=\"article\" \/>\n<meta property=\"og:title\" content=\"Campeonato de Espa\u00f1a de precisi\u00f3n Sala 2020 - Club Arc Montju\u00efc\" \/>\n<meta property=\"og:description\" content=\"Los d\u00edas 28 de Enero al 2 de Febrero tuvo lugar en el Palau d&#8217;Or (Marina d&#8217;Or), en la poblaci\u00f3n de Oropesa de Mar el Campeonato de precisi\u00f3n en Sala [&hellip;]\" \/>\n<meta property=\"og:url\" content=\"https:\/\/www.arcmontjuic.cat\/campionat-despanya-de-precisio-sala-2020-orpesa-de-mar\/\" \/>\n<meta property=\"og:site_name\" content=\"Club Arc Montju\u00efc\" \/>\n<meta property=\"article:published_time\" content=\"2022-02-21T09:37:10+00:00\" \/>\n<meta property=\"article:modified_time\" content=\"2023-06-26T09:44:11+00:00\" \/>\n<meta name=\"author\" content=\"boss\" \/>\n<meta name=\"twitter:card\" content=\"summary_large_image\" \/>\n<meta name=\"twitter:label1\" content=\"Escrito por\" \/>\n\t<meta name=\"twitter:data1\" content=\"boss\" \/>\n\t<meta name=\"twitter:label2\" content=\"Tiempo de lectura\" \/>\n\t<meta name=\"twitter:data2\" content=\"2 minutos\" \/>\n<script type=\"application\/ld+json\" class=\"yoast-schema-graph\">{\"@context\":\"https:\/\/schema.org\",\"@graph\":[{\"@type\":\"Article\",\"@id\":\"https:\/\/www.arcmontjuic.cat\/campionat-despanya-de-precisio-sala-2020-orpesa-de-mar\/#article\",\"isPartOf\":{\"@id\":\"https:\/\/www.arcmontjuic.cat\/campionat-despanya-de-precisio-sala-2020-orpesa-de-mar\/\"},\"author\":{\"name\":\"boss\",\"@id\":\"https:\/\/www.arcmontjuic.cat\/#\/schema\/person\/4567756ab75da78e360cbd5909222f77\"},\"headline\":\"Campeonato de Espa\u00f1a de precisi\u00f3n Sala 2020\",\"datePublished\":\"2022-02-21T09:37:10+00:00\",\"dateModified\":\"2023-06-26T09:44:11+00:00\",\"mainEntityOfPage\":{\"@id\":\"https:\/\/www.arcmontjuic.cat\/campionat-despanya-de-precisio-sala-2020-orpesa-de-mar\/\"},\"wordCount\":462,\"commentCount\":0,\"publisher\":{\"@id\":\"https:\/\/www.arcmontjuic.cat\/#organization\"},\"articleSection\":[\"Sin categorizar\"],\"inLanguage\":\"es\",\"potentialAction\":[{\"@type\":\"CommentAction\",\"name\":\"Comment\",\"target\":[\"https:\/\/www.arcmontjuic.cat\/campionat-despanya-de-precisio-sala-2020-orpesa-de-mar\/#respond\"]}]},{\"@type\":\"WebPage\",\"@id\":\"https:\/\/www.arcmontjuic.cat\/campionat-despanya-de-precisio-sala-2020-orpesa-de-mar\/\",\"url\":\"https:\/\/www.arcmontjuic.cat\/campionat-despanya-de-precisio-sala-2020-orpesa-de-mar\/\",\"name\":\"Campeonato de Espa\u00f1a de precisi\u00f3n Sala 2020 - Club Arc Montju\u00efc\",\"isPartOf\":{\"@id\":\"https:\/\/www.arcmontjuic.cat\/#website\"},\"datePublished\":\"2022-02-21T09:37:10+00:00\",\"dateModified\":\"2023-06-26T09:44:11+00:00\",\"breadcrumb\":{\"@id\":\"https:\/\/www.arcmontjuic.cat\/campionat-despanya-de-precisio-sala-2020-orpesa-de-mar\/#breadcrumb\"},\"inLanguage\":\"es\",\"potentialAction\":[{\"@type\":\"ReadAction\",\"target\":[\"https:\/\/www.arcmontjuic.cat\/campionat-despanya-de-precisio-sala-2020-orpesa-de-mar\/\"]}]},{\"@type\":\"BreadcrumbList\",\"@id\":\"https:\/\/www.arcmontjuic.cat\/campionat-despanya-de-precisio-sala-2020-orpesa-de-mar\/#breadcrumb\",\"itemListElement\":[{\"@type\":\"ListItem\",\"position\":1,\"name\":\"Portada\",\"item\":\"https:\/\/www.arcmontjuic.cat\/\"},{\"@type\":\"ListItem\",\"position\":2,\"name\":\"Campeonato de Espa\u00f1a de precisi\u00f3n Sala 2020\"}]},{\"@type\":\"WebSite\",\"@id\":\"https:\/\/www.arcmontjuic.cat\/#website\",\"url\":\"https:\/\/www.arcmontjuic.cat\/\",\"name\":\"Club Arc Montju\u00efc\",\"description\":\"Tir amb arc Barcelona\",\"publisher\":{\"@id\":\"https:\/\/www.arcmontjuic.cat\/#organization\"},\"potentialAction\":[{\"@type\":\"SearchAction\",\"target\":{\"@type\":\"EntryPoint\",\"urlTemplate\":\"https:\/\/www.arcmontjuic.cat\/?s={search_term_string}\"},\"query-input\":{\"@type\":\"PropertyValueSpecification\",\"valueRequired\":true,\"valueName\":\"search_term_string\"}}],\"inLanguage\":\"es\"},{\"@type\":\"Organization\",\"@id\":\"https:\/\/www.arcmontjuic.cat\/#organization\",\"name\":\"Club Arc Montju\u00efc\",\"url\":\"https:\/\/www.arcmontjuic.cat\/\",\"logo\":{\"@type\":\"ImageObject\",\"inLanguage\":\"es\",\"@id\":\"https:\/\/www.arcmontjuic.cat\/#\/schema\/logo\/image\/\",\"url\":\"https:\/\/www.arcmontjuic.cat\/wp-content\/uploads\/2022\/05\/CAM_Logo_1.png\",\"contentUrl\":\"https:\/\/www.arcmontjuic.cat\/wp-content\/uploads\/2022\/05\/CAM_Logo_1.png\",\"width\":3390,\"height\":2100,\"caption\":\"Club Arc Montju\u00efc\"},\"image\":{\"@id\":\"https:\/\/www.arcmontjuic.cat\/#\/schema\/logo\/image\/\"}},{\"@type\":\"Person\",\"@id\":\"https:\/\/www.arcmontjuic.cat\/#\/schema\/person\/4567756ab75da78e360cbd5909222f77\",\"name\":\"boss\",\"image\":{\"@type\":\"ImageObject\",\"inLanguage\":\"es\",\"@id\":\"https:\/\/secure.gravatar.com\/avatar\/92c9254db6de21595df36529b122a0a51f76d99866a1bb4accfd795438bb4944?s=96&d=mm&r=g\",\"url\":\"https:\/\/secure.gravatar.com\/avatar\/92c9254db6de21595df36529b122a0a51f76d99866a1bb4accfd795438bb4944?s=96&d=mm&r=g\",\"contentUrl\":\"https:\/\/secure.gravatar.com\/avatar\/92c9254db6de21595df36529b122a0a51f76d99866a1bb4accfd795438bb4944?s=96&d=mm&r=g\",\"caption\":\"boss\"},\"sameAs\":[\"https:\/\/www.arcmontjuic.cat\"],\"url\":\"https:\/\/www.arcmontjuic.cat\/es\/author\/boss\/\"}]}<\/script>\n<!-- \/ Yoast SEO plugin. -->","yoast_head_json":{"title":"Campeonato de Espa\u00f1a de precisi\u00f3n Sala 2020 - Club Arc Montju\u00efc","robots":{"index":"index","follow":"follow","max-snippet":"max-snippet:-1","max-image-preview":"max-image-preview:large","max-video-preview":"max-video-preview:-1"},"canonical":"https:\/\/www.arcmontjuic.cat\/campionat-despanya-de-precisio-sala-2020-orpesa-de-mar\/","og_locale":"es_ES","og_type":"article","og_title":"Campeonato de Espa\u00f1a de precisi\u00f3n Sala 2020 - Club Arc Montju\u00efc","og_description":"Los d\u00edas 28 de Enero al 2 de Febrero tuvo lugar en el Palau d&#8217;Or (Marina d&#8217;Or), en la poblaci\u00f3n de Oropesa de Mar el Campeonato de precisi\u00f3n en Sala [&hellip;]","og_url":"https:\/\/www.arcmontjuic.cat\/campionat-despanya-de-precisio-sala-2020-orpesa-de-mar\/","og_site_name":"Club Arc Montju\u00efc","article_published_time":"2022-02-21T09:37:10+00:00","article_modified_time":"2023-06-26T09:44:11+00:00","author":"boss","twitter_card":"summary_large_image","twitter_misc":{"Escrito por":"boss","Tiempo de lectura":"2 minutos"},"schema":{"@context":"https:\/\/schema.org","@graph":[{"@type":"Article","@id":"https:\/\/www.arcmontjuic.cat\/campionat-despanya-de-precisio-sala-2020-orpesa-de-mar\/#article","isPartOf":{"@id":"https:\/\/www.arcmontjuic.cat\/campionat-despanya-de-precisio-sala-2020-orpesa-de-mar\/"},"author":{"name":"boss","@id":"https:\/\/www.arcmontjuic.cat\/#\/schema\/person\/4567756ab75da78e360cbd5909222f77"},"headline":"Campeonato de Espa\u00f1a de precisi\u00f3n Sala 2020","datePublished":"2022-02-21T09:37:10+00:00","dateModified":"2023-06-26T09:44:11+00:00","mainEntityOfPage":{"@id":"https:\/\/www.arcmontjuic.cat\/campionat-despanya-de-precisio-sala-2020-orpesa-de-mar\/"},"wordCount":462,"commentCount":0,"publisher":{"@id":"https:\/\/www.arcmontjuic.cat\/#organization"},"articleSection":["Sin categorizar"],"inLanguage":"es","potentialAction":[{"@type":"CommentAction","name":"Comment","target":["https:\/\/www.arcmontjuic.cat\/campionat-despanya-de-precisio-sala-2020-orpesa-de-mar\/#respond"]}]},{"@type":"WebPage","@id":"https:\/\/www.arcmontjuic.cat\/campionat-despanya-de-precisio-sala-2020-orpesa-de-mar\/","url":"https:\/\/www.arcmontjuic.cat\/campionat-despanya-de-precisio-sala-2020-orpesa-de-mar\/","name":"Campeonato de Espa\u00f1a de precisi\u00f3n Sala 2020 - Club Arc Montju\u00efc","isPartOf":{"@id":"https:\/\/www.arcmontjuic.cat\/#website"},"datePublished":"2022-02-21T09:37:10+00:00","dateModified":"2023-06-26T09:44:11+00:00","breadcrumb":{"@id":"https:\/\/www.arcmontjuic.cat\/campionat-despanya-de-precisio-sala-2020-orpesa-de-mar\/#breadcrumb"},"inLanguage":"es","potentialAction":[{"@type":"ReadAction","target":["https:\/\/www.arcmontjuic.cat\/campionat-despanya-de-precisio-sala-2020-orpesa-de-mar\/"]}]},{"@type":"BreadcrumbList","@id":"https:\/\/www.arcmontjuic.cat\/campionat-despanya-de-precisio-sala-2020-orpesa-de-mar\/#breadcrumb","itemListElement":[{"@type":"ListItem","position":1,"name":"Portada","item":"https:\/\/www.arcmontjuic.cat\/"},{"@type":"ListItem","position":2,"name":"Campeonato de Espa\u00f1a de precisi\u00f3n Sala 2020"}]},{"@type":"WebSite","@id":"https:\/\/www.arcmontjuic.cat\/#website","url":"https:\/\/www.arcmontjuic.cat\/","name":"Club Arc Montju\u00efc","description":"Tir amb arc Barcelona","publisher":{"@id":"https:\/\/www.arcmontjuic.cat\/#organization"},"potentialAction":[{"@type":"SearchAction","target":{"@type":"EntryPoint","urlTemplate":"https:\/\/www.arcmontjuic.cat\/?s={search_term_string}"},"query-input":{"@type":"PropertyValueSpecification","valueRequired":true,"valueName":"search_term_string"}}],"inLanguage":"es"},{"@type":"Organization","@id":"https:\/\/www.arcmontjuic.cat\/#organization","name":"Club Arc Montju\u00efc","url":"https:\/\/www.arcmontjuic.cat\/","logo":{"@type":"ImageObject","inLanguage":"es","@id":"https:\/\/www.arcmontjuic.cat\/#\/schema\/logo\/image\/","url":"https:\/\/www.arcmontjuic.cat\/wp-content\/uploads\/2022\/05\/CAM_Logo_1.png","contentUrl":"https:\/\/www.arcmontjuic.cat\/wp-content\/uploads\/2022\/05\/CAM_Logo_1.png","width":3390,"height":2100,"caption":"Club Arc Montju\u00efc"},"image":{"@id":"https:\/\/www.arcmontjuic.cat\/#\/schema\/logo\/image\/"}},{"@type":"Person","@id":"https:\/\/www.arcmontjuic.cat\/#\/schema\/person\/4567756ab75da78e360cbd5909222f77","name":"boss","image":{"@type":"ImageObject","inLanguage":"es","@id":"https:\/\/secure.gravatar.com\/avatar\/92c9254db6de21595df36529b122a0a51f76d99866a1bb4accfd795438bb4944?s=96&d=mm&r=g","url":"https:\/\/secure.gravatar.com\/avatar\/92c9254db6de21595df36529b122a0a51f76d99866a1bb4accfd795438bb4944?s=96&d=mm&r=g","contentUrl":"https:\/\/secure.gravatar.com\/avatar\/92c9254db6de21595df36529b122a0a51f76d99866a1bb4accfd795438bb4944?s=96&d=mm&r=g","caption":"boss"},"sameAs":["https:\/\/www.arcmontjuic.cat"],"url":"https:\/\/www.arcmontjuic.cat\/es\/author\/boss\/"}]}},"_links":{"self":[{"href":"https:\/\/www.arcmontjuic.cat\/es\/wp-json\/wp\/v2\/posts\/4527","targetHints":{"allow":["GET"]}}],"collection":[{"href":"https:\/\/www.arcmontjuic.cat\/es\/wp-json\/wp\/v2\/posts"}],"about":[{"href":"https:\/\/www.arcmontjuic.cat\/es\/wp-json\/wp\/v2\/types\/post"}],"author":[{"embeddable":true,"href":"https:\/\/www.arcmontjuic.cat\/es\/wp-json\/wp\/v2\/users\/1"}],"replies":[{"embeddable":true,"href":"https:\/\/www.arcmontjuic.cat\/es\/wp-json\/wp\/v2\/comments?post=4527"}],"version-history":[{"count":4,"href":"https:\/\/www.arcmontjuic.cat\/es\/wp-json\/wp\/v2\/posts\/4527\/revisions"}],"predecessor-version":[{"id":4534,"href":"https:\/\/www.arcmontjuic.cat\/es\/wp-json\/wp\/v2\/posts\/4527\/revisions\/4534"}],"wp:attachment":[{"href":"https:\/\/www.arcmontjuic.cat\/es\/wp-json\/wp\/v2\/media?parent=4527"}],"wp:term":[{"taxonomy":"category","embeddable":true,"href":"https:\/\/www.arcmontjuic.cat\/es\/wp-json\/wp\/v2\/categories?post=4527"},{"taxonomy":"post_tag","embeddable":true,"href":"https:\/\/www.arcmontjuic.cat\/es\/wp-json\/wp\/v2\/tags?post=4527"}],"curies":[{"name":"wp","href":"https:\/\/api.w.org\/{rel}","templated":true}]}}